{"id":3809,"date":"2024-02-09T12:33:28","date_gmt":"2024-02-09T11:33:28","guid":{"rendered":"https:\/\/amicimusicafoligno.it\/home\/?p=3809"},"modified":"2024-02-13T17:47:20","modified_gmt":"2024-02-13T16:47:20","slug":"presentazione-della-nuova-stagione-concertistica-2024","status":"publish","type":"post","link":"https:\/\/amicimusicafoligno.it\/home\/presentazione-della-nuova-stagione-concertistica-2024\/","title":{"rendered":"Presentazione della nuova Stagione Concertistica 2024"},"content":{"rendered":"<p><strong><em>I capolavori di Beethoven e Bach tra i grandi protagonisti della 43esima Stagione concertistica degli Amici della Musica di Foligno. Ventotto appuntamenti, 470 musicisti che dal 2 marzo animeranno il cartellone con spazio anche al canto lirico, al jazz, alle prime assolute, alle masterclass, all\u2019anniversario pucciniano. Prestigio internazionale con Accademia Chigiana, i celebri solisti russi Troussov-Troussova, Sinfonica Abruzzese. Confermati musicoterapia, proposte per le scuole insieme a conferenze e presentazioni di libri. Concerti fuori porta nelle vicine Assisi, Spello e Trevi. In conferenza stampa donato un pianoforte \u201cSchulze Pollmann\u201d all\u2019Oratorio del Crocifisso. \u00a0\u00a0\u00a0<\/em><\/strong><\/p>\n<p><em>Coup de theatre<\/em> degli Amici della Musica di Foligno. La conferenza stampa di presentazione della Stagione Concertistica 2024 si \u00e8 trasformata in occasione per inaugurare e donare all\u2019Oratorio del Crocifisso un <strong>pianoforte mezza coda<\/strong> \u201c<strong>Schulze Pollmann<\/strong>\u201d. Suonato dalla pianista <strong>Lucia Sorci<\/strong> con musiche di Castelnuovo-Tedesco e Chopin, ha introdotto il cartellone illustrato dal <strong>presidente Giorgio Battisti<\/strong> e dal <strong>direttore artistico<\/strong> <strong>Marco Scolastra<\/strong>, ai quali si \u00e8 unito il saluto della consigliera della <strong>Fondazione Cassa di Risparmio di Foligno Donatella Barbabianca<\/strong> <strong>Filippi<\/strong>, del <strong>consigliere Marco De Felicis del Comune di Foligno<\/strong>, del <strong>prof. Guglielmo Tini del Liceo Classico <\/strong>\u201c<strong>F.Frezzi-B.Angela<\/strong>\u201d. Tra gli ospiti il comandante della Caserma Gonzaga di Foligno <strong>generale di brigata Giorgio Guariglia<\/strong>, il <strong>tenente colonnello Mauro Mercuri<\/strong> e l\u2019assessora alla Cultura del Comune di Spello <strong>Irene Falcinelli<\/strong>.<\/p>\n<p>Alla citt\u00e0 il programma sar\u00e0 invece presentato il 10 febbraio, ore 17 Auditorium San Domenico, con il concerto a ingresso libero \u201c<strong>Pablo Casals: La musica di JFK<\/strong>\u201d, suggestivo racconto del critico musicale <strong>Stefano Valanzuolo<\/strong> in scena con la violoncellista <strong>Erica Piccotti<\/strong>.<\/p>\n<p>V<strong>entotto gli appuntamenti in Stagione, da febbraio a novembre<\/strong>, che spazieranno dalla musica, al canto, al melodramma, ai recital, con tre concerti jazz, quattro orchestre, molta sinfonica e musica da camera, Ben <strong>470 i maestri <\/strong>che si esibiranno all\u2019Auditorium San Domenico, ma anche in altri contenitori di pregio, Palazzo, Trinci, Oratorio del Crocifisso, Teatro San Carlo, e altri luoghi, Trevi, Villa dei Mosaici di Spello, Basilica di San Francesco Assisi, Castello di Scopoli.<\/p>\n<p>\u201cLa nuova Stagione richiama in citt\u00e0 alcuni tra i migliori interpreti della scena musicale classica contemporanea e della musica jazz \u2013 ha esordito<strong> Battisti<\/strong> -. Propone un rapporto dialettico e trasversale con la storia della musica, creando relazioni fertili e virtuose. I veri protagonisti di questa trasversalit\u00e0 saranno due testimonial d\u2019eccezione &#8211;\u00a0Johann Sebastian Bach\u00a0e, soprattutto,\u00a0Ludwig van Beethoven &#8211; le cui opere punteggeranno i programmi sinfonici, di recital e di musica da camera di tutta la Stagione, fino al prezioso concerto di chiusura (23 novembre) con l\u2019esecuzione, per la prima volta nelle nostre Stagioni, della Sinfonia n. 9 per soli, coro e orchestra op. 125 <em>\u201cCorale\u201d<\/em>.<\/p>\n<p>Il cartellone conferma inoltre le <strong>masterclass di<\/strong> <strong>canto lirico<\/strong> tenute da celebri docenti, <strong>Cinzia Forte<\/strong>, <strong>Desir\u00e9e Rancatore<\/strong> e <strong>Walter Testolin<\/strong> (agosto e settembre 2024), i \u201c<strong>Colloquia<\/strong>\u201d, le <strong>presentazioni di libri<\/strong>, gli <strong>itinerari musicali<\/strong> &#8211; uscite al Teatro San Carlo Napoli e Terme di Caracalla Roma -, la terza edizione del <strong>Premio Mario Guidi <\/strong>\u2013 manager jazz folignate scomparso nel 2019 &#8211; con una due giorni con testimonial d\u2019eccezione lo straordinario <strong>jazzista Enrico Rava<\/strong> in concerto con <strong>Giovanni Guidi<\/strong> (27 aprile). Poi il 28 sul palco salir\u00e0 il trio di <strong>Simone Sansonetti<\/strong>, <strong>vincitore del premio Guidi<\/strong>. \u201cProseguono anche gli apprezzati percorsi di musicoterapia\/teatroterapia \u2013 ha aggiunto <strong>Battisti<\/strong> &#8211; tramite i quali, da anni, l\u2019Associazione testimonia l\u2019esigenza profonda di impegnarsi nel sociale\u201d.<\/p>\n<p><strong>Concerto inaugurale sabato 2 marzo<\/strong>, Auditorium San Domenico, con il prestigioso <strong>duo pianistico Taverna-Vacatello<\/strong> &#8211; musiche di Reger, Ligeti e le rare <em>Suite<\/em> di Rachmaninov per due pianoforti. \u201cSar\u00e0 un cartellone percorso dai grandi capolavori della storia della musica \u2013 ha commentato il <strong>M\u00b0 Scolastra<\/strong> &#8211; a partire dalla Nona e dalla Quinta Sinfonia di Beethoven, ma anche delle collaborazioni e coproduzioni con prestigiose istituzioni italiane quali l\u2019Accademia Chigiana, la IUC, la Cappella Musicale della Basilica Papale di San Francesco di Assisi. Senza per\u00f2 mai distogliere l\u2019attenzione dai giovani talenti, vincitori di concorsi internazionali, con rarit\u00e0 come il concerto di fagotto del 1\u00b0 giugno\u201d.<\/p>\n<p>Poi gli anniversari. A cominciare dal centenario della morte di Puccini, ricordato con un concerto pianoforte e voce (Trevi 5 luglio), in collaborazione con l\u2019Associazione Musicale Lucchese. Un vero evento per la citt\u00e0 sar\u00e0 pure <strong><em>La Traviata<\/em><\/strong> in forma di concerto che il 19 ottobre &#8211; ingresso libero &#8211; chiuder\u00e0 le <strong>celebrazioni per i 140 anni della \u2018Caserma di Foligno &#8211; una citt\u00e0 nella citt\u00e0\u2019<\/strong>. Protagonisti la straordinaria <strong>soprano Cinzia Forte<\/strong> e il <strong>tenore<\/strong> <strong>Andrea Car\u00e8<\/strong>.<\/p>\n<p>Per la prima volta arriva invece in Stagione il capolavoro rossiniano <strong><em>Petite Messe Solennelle<\/em><\/strong> con il concerto \u201cBasilica Regia\u201d (25 maggio ingresso libero) nella cornice d\u2019eccezione della <strong>Basilica Superiore di San Francesco di Assisi. <\/strong>\u201cUn grandioso evento, uno degli appuntamenti clou della Stagione 2024, di cui andiamo fieri \u2013 ha proseguito <strong>Scolastra <\/strong>-. Una coproduzione con Associazione Marche Musica, in collaborazione con la Cappella Musicale della Basilica, che sar\u00e0 replicato il giorno dopo in un altro gioiello dell\u2019arte italiana, la Chiesa di Santa Croce a Firenze\u201d.<\/p>\n<p>Si consolidano le collaborazioni con Festa di Scienza e Filosofia, con Young Jazz Festival e pure con le scuole. In programma il 3 maggio lo spettacolo tratto dal <em>Decameron<\/em> di Boccaccio, che vede insieme <strong>Lucia Poli<\/strong>, icona del teatro italiano e il <strong>Coro del Liceo Classico<\/strong> \u201c<strong>F. Frezzi-B.Angela<\/strong>\u201d. \u201cNon potevamo mancare a un appuntamento cos\u00ec importante con la musica, la letteratura, e una maestra del palcoscenico quale Lucia Poli &#8211; ha dichiarato il prof. Tini responsabile del progetto -. Per i ragazzi e per tutti noi un\u2019occasione davvero unica\u201d.<\/p>\n<p>Attesa come ogni anno \u201c<strong>Classica d\u2019Estate<\/strong>\u201d, dono alla citt\u00e0 della <strong>Fondazione Cassa di Risparmio di Foligno<\/strong> (sostenitrice con il Comune di Foligno della Stagione), proporr\u00e0 (18 luglio Corte di Palazzo Trinci) <em>PopSongs<\/em> dell\u2019Ensemble <strong>Roma Sinfonietta diretta dal M\u00b0 Marcello Panni<\/strong>. \u201cAnche noi della Fondazione Cassa di Risparmio non possiamo mancare a tutto ci\u00f2 che chiama in causa arte, musica, cultura \u2013 ha sottolineato la <strong>dott.ssa Barbabianca Filippi <\/strong>-. Nostro obiettivo \u00e8 sostenere le iniziative di qualit\u00e0, come ben sanno fare gli Amici della Musica, che valorizzano il territorio, la citt\u00e0, con particolare attenzione alle nuove generazioni.\u201d<\/p>\n<p>Musica <em>en plein air<\/em> ancora a luglio con la <strong>Filarmonica di Belfiore<\/strong>, al Castello di Scopoli, montagna folignate, musiche di Bernstein e Gershwin. Sonorit\u00e0 d\u2019Oltreoceano anche per <em>Heart and Sool of America<\/em>, dagli spiritual alla musica contemporanea, con pianoforte e <strong>voci di Maria Gabriella Landers<\/strong> soprano, <strong>Brian Dore<\/strong>, baritono (6 ottobre). Sogno argentino invece per <em>Nubes de Buenos Aires<\/em> (21 settembre) affidato al il virtuosismo di <strong>Giampaolo Bandini<\/strong> (chitarra) e <strong>Cesare Chiacchieretta<\/strong> (bandoneon), brani di Astor Piazzolla.<\/p>\n<p>Punteggiano il cartellone \u201cColloquia\u201d e presentazioni. Sar\u00e0 il noto musicologo <strong>Guido Barbieri<\/strong> a parlare il 7 maggio dell\u2019etica della fratellanza nella Nona Sinfonia di Beethoven a duecento anni dalla prima esecuzione, mentre giunger\u00e0 in chiusura di stagione (16 novembre) la presentazione <strong>della novit\u00e0 editoriale Treccani <em>Enciclopedia della Musica Contemporanea 1900-1924<\/em><\/strong>. A parlarne i direttori scientifici <strong>Ernesto Assante<\/strong> e <strong>Sandro Cappelletto<\/strong> e la responsabile opere Treccani <strong>Monica Trecca<\/strong>.<\/p>\n<p>Un plauso all\u2019attivit\u00e0 dell\u2019Associazione musicale \u00e8 giunta infine dal consigliere comunale <strong>De Felicis <\/strong>che ha ringraziato gli Amici della Musica per il programma ricco, importante, animato da eventi grandiosi e difficili da allestire come la Nona di Beethoven. \u201cUna qualit\u00e0 delle proposte altissima con qualcosa in pi\u00f9: l\u2019attenzione al sociale e all\u2019incontro, al fare rete tra associazioni, Comuni e localit\u00e0 del territorio, per risultati a dir poco straordinari.\u201d<\/p>\n<p>Insomma una Stagione, densa, intensa, preziosa, prestigiosa. \u201cCome Voltaire nel <em>Candide<\/em> dico \u2018Lavoriamo il nostro orto\u2019 &#8211; chiude <strong>Scolastra <\/strong>-. Gli Amici della Musica il loro orto lo hanno piantato nel 1981 e di anno in anno ne raccogliamo i frutti. Ma \u00e8 solo grazie al lavoro di tutti che ci\u00f2 \u00e8 stato possibile, all\u2019impegno, alla passione e alle sinergie con enti, realt\u00e0, associazioni, comuni che in 43 anni hanno reso possibili appuntamenti straordinari che da soli non saremmo mai riusciti a realizzare.\u201d<\/p>\n<p>Per favorire l\u2019ascolto della musica dal vivo, l\u2019Associazione conferma l\u2019iniziativa \u201c<strong>A concerto con mamma e pap\u00e0<\/strong>\u201d. Con l\u2019acquisto di due abbonamenti si potr\u00e0 richiedere un biglietto gratuito per ciascun concerto per figli o nipoti di et\u00e0 compresa tra i 5 e i 14 anni. Torna anche il \u201cCarnet 5 concerti\u201d, cos\u00ec come le riduzioni per musicisti di et\u00e0 inferiore ai 30 anni e per allievi e insegnanti delle scuole di musica e canto. Per loro abbonamento personale e quota annuale al costo ridotto di 50 euro. Previsto invece sconto del 20% su biglietto intero per spettatori sopra i 65 anni, i giovani sotto i 30 anni, i soci di Touring Club Italiano, ALI-Associazione Lavoratori Intesa Sanpaolo, FAI.<\/p>\n","protected":false},"excerpt":{"rendered":"<p>I capolavori di Beethoven e Bach tra i grandi protagonisti della 43esima Stagione concertistica degli Amici della Musica di Foligno. Ventotto appuntamenti, 470 musicisti che dal 2 marzo animeranno il cartellone con spazio anche al canto lirico, al jazz, alle prime assolute, alle masterclass, all\u2019anniversario pucciniano. Prestigio internazionale con Accademia Chigiana, i celebri solisti russi [&hellip;]<\/p>\n","protected":false},"author":1,"featured_media":3811,"comment_status":"closed","ping_status":"open","sticky":false,"template":"","format":"standard","meta":{"_acf_changed":false,"episode_type":"","audio_file":"","podmotor_file_id":"","podmotor_episode_id":"","cover_image":"","cover_image_id":"","duration":"","filesize":"","filesize_raw":"","date_recorded":"","explicit":"","block":"","itunes_episode_number":"","itunes_title":"","itunes_season_number":"","itunes_episode_type":"","footnotes":""},"categories":[37],"tags":[578,187,428,424,126,574],"class_list":["post-3809","post","type-post","status-publish","format-standard","has-post-thumbnail","hentry","category-notizie","tag-bach","tag-beethoven","tag-conferenza-stampa","tag-giorgio-battisti","tag-marco-scolastra","tag-stagione-2024"],"acf":[],"yoast_head":"<!-- This site is optimized with the Yoast SEO plugin v27.5 - https:\/\/yoast.com\/product\/yoast-seo-wordpress\/ -->\n<title>Presentazione della nuova Stagione Concertistica 2024 - Amici della Musica Foligno ETS<\/title>\n<meta name=\"description\" content=\"I capolavori di Beethoven e Bach tra i grandi protagonisti della 43esima Stagione concertistica degli Amici della Musica di Foligno.\" \/>\n<meta name=\"robots\" content=\"index, follow, max-snippet:-1, max-image-preview:large, max-video-preview:-1\" \/>\n<link rel=\"canonical\" href=\"https:\/\/amicimusicafoligno.it\/home\/presentazione-della-nuova-stagione-concertistica-2024\/\" \/>\n<meta property=\"og:locale\" content=\"it_IT\" \/>\n<meta property=\"og:type\" content=\"article\" \/>\n<meta property=\"og:title\" content=\"Presentazione della nuova Stagione Concertistica 2024 - Amici della Musica Foligno ETS\" \/>\n<meta property=\"og:description\" content=\"I capolavori di Beethoven e Bach tra i grandi protagonisti della 43esima Stagione concertistica degli Amici della Musica di Foligno.\" \/>\n<meta property=\"og:url\" content=\"https:\/\/amicimusicafoligno.it\/home\/presentazione-della-nuova-stagione-concertistica-2024\/\" \/>\n<meta property=\"og:site_name\" content=\"Amici della Musica Foligno ETS\" \/>\n<meta property=\"article:publisher\" content=\"https:\/\/www.facebook.com\/AmiciMusicaFoligno\/\" \/>\n<meta property=\"article:published_time\" content=\"2024-02-09T11:33:28+00:00\" \/>\n<meta property=\"article:modified_time\" content=\"2024-02-13T16:47:20+00:00\" \/>\n<meta property=\"og:image\" content=\"https:\/\/amicimusicafoligno.it\/home\/wp-content\/uploads\/2024\/02\/conferenza-stampa.jpg\" \/>\n\t<meta property=\"og:image:width\" content=\"1200\" \/>\n\t<meta property=\"og:image:height\" content=\"800\" \/>\n\t<meta property=\"og:image:type\" content=\"image\/jpeg\" \/>\n<meta name=\"author\" content=\"Amici della Musica\" \/>\n<meta name=\"twitter:card\" content=\"summary_large_image\" \/>\n<meta name=\"twitter:label1\" content=\"Scritto da\" \/>\n\t<meta name=\"twitter:data1\" content=\"Amici della Musica\" \/>\n\t<meta name=\"twitter:label2\" content=\"Tempo di lettura stimato\" \/>\n\t<meta name=\"twitter:data2\" content=\"8 minuti\" \/>\n<script type=\"application\/ld+json\" class=\"yoast-schema-graph\">{\"@context\":\"https:\\\/\\\/schema.org\",\"@graph\":[{\"@type\":\"Article\",\"@id\":\"https:\\\/\\\/amicimusicafoligno.it\\\/home\\\/presentazione-della-nuova-stagione-concertistica-2024\\\/#article\",\"isPartOf\":{\"@id\":\"https:\\\/\\\/amicimusicafoligno.it\\\/home\\\/presentazione-della-nuova-stagione-concertistica-2024\\\/\"},\"author\":{\"name\":\"Amici della Musica\",\"@id\":\"https:\\\/\\\/amicimusicafoligno.it\\\/home\\\/#\\\/schema\\\/person\\\/48e25a17d172fe9574f34c03f81fec27\"},\"headline\":\"Presentazione della nuova Stagione Concertistica 2024\",\"datePublished\":\"2024-02-09T11:33:28+00:00\",\"dateModified\":\"2024-02-13T16:47:20+00:00\",\"mainEntityOfPage\":{\"@id\":\"https:\\\/\\\/amicimusicafoligno.it\\\/home\\\/presentazione-della-nuova-stagione-concertistica-2024\\\/\"},\"wordCount\":1416,\"publisher\":{\"@id\":\"https:\\\/\\\/amicimusicafoligno.it\\\/home\\\/#organization\"},\"image\":{\"@id\":\"https:\\\/\\\/amicimusicafoligno.it\\\/home\\\/presentazione-della-nuova-stagione-concertistica-2024\\\/#primaryimage\"},\"thumbnailUrl\":\"https:\\\/\\\/amicimusicafoligno.it\\\/home\\\/wp-content\\\/uploads\\\/2024\\\/02\\\/conferenza-stampa.jpg\",\"keywords\":[\"Bach\",\"Beethoven\",\"conferenza stampa\",\"Giorgio Battisti\",\"Marco Scolastra\",\"stagione 2024\"],\"articleSection\":[\"Notizie\"],\"inLanguage\":\"it-IT\"},{\"@type\":\"WebPage\",\"@id\":\"https:\\\/\\\/amicimusicafoligno.it\\\/home\\\/presentazione-della-nuova-stagione-concertistica-2024\\\/\",\"url\":\"https:\\\/\\\/amicimusicafoligno.it\\\/home\\\/presentazione-della-nuova-stagione-concertistica-2024\\\/\",\"name\":\"Presentazione della nuova Stagione Concertistica 2024 - Amici della Musica Foligno ETS\",\"isPartOf\":{\"@id\":\"https:\\\/\\\/amicimusicafoligno.it\\\/home\\\/#website\"},\"primaryImageOfPage\":{\"@id\":\"https:\\\/\\\/amicimusicafoligno.it\\\/home\\\/presentazione-della-nuova-stagione-concertistica-2024\\\/#primaryimage\"},\"image\":{\"@id\":\"https:\\\/\\\/amicimusicafoligno.it\\\/home\\\/presentazione-della-nuova-stagione-concertistica-2024\\\/#primaryimage\"},\"thumbnailUrl\":\"https:\\\/\\\/amicimusicafoligno.it\\\/home\\\/wp-content\\\/uploads\\\/2024\\\/02\\\/conferenza-stampa.jpg\",\"datePublished\":\"2024-02-09T11:33:28+00:00\",\"dateModified\":\"2024-02-13T16:47:20+00:00\",\"description\":\"I capolavori di Beethoven e Bach tra i grandi protagonisti della 43esima Stagione concertistica degli Amici della Musica di Foligno.\",\"breadcrumb\":{\"@id\":\"https:\\\/\\\/amicimusicafoligno.it\\\/home\\\/presentazione-della-nuova-stagione-concertistica-2024\\\/#breadcrumb\"},\"inLanguage\":\"it-IT\",\"potentialAction\":[{\"@type\":\"ReadAction\",\"target\":[\"https:\\\/\\\/amicimusicafoligno.it\\\/home\\\/presentazione-della-nuova-stagione-concertistica-2024\\\/\"]}]},{\"@type\":\"ImageObject\",\"inLanguage\":\"it-IT\",\"@id\":\"https:\\\/\\\/amicimusicafoligno.it\\\/home\\\/presentazione-della-nuova-stagione-concertistica-2024\\\/#primaryimage\",\"url\":\"https:\\\/\\\/amicimusicafoligno.it\\\/home\\\/wp-content\\\/uploads\\\/2024\\\/02\\\/conferenza-stampa.jpg\",\"contentUrl\":\"https:\\\/\\\/amicimusicafoligno.it\\\/home\\\/wp-content\\\/uploads\\\/2024\\\/02\\\/conferenza-stampa.jpg\",\"width\":1200,\"height\":800,\"caption\":\"Conferenza Stampa di presentazione della Stagione Concertistica 2024\"},{\"@type\":\"BreadcrumbList\",\"@id\":\"https:\\\/\\\/amicimusicafoligno.it\\\/home\\\/presentazione-della-nuova-stagione-concertistica-2024\\\/#breadcrumb\",\"itemListElement\":[{\"@type\":\"ListItem\",\"position\":1,\"name\":\"Home\",\"item\":\"https:\\\/\\\/amicimusicafoligno.it\\\/home\\\/\"},{\"@type\":\"ListItem\",\"position\":2,\"name\":\"Presentazione della nuova Stagione Concertistica 2024\"}]},{\"@type\":\"WebSite\",\"@id\":\"https:\\\/\\\/amicimusicafoligno.it\\\/home\\\/#website\",\"url\":\"https:\\\/\\\/amicimusicafoligno.it\\\/home\\\/\",\"name\":\"Amici della Musica Foligno ONLUS\",\"description\":\"crediamo nella forza della musica\",\"publisher\":{\"@id\":\"https:\\\/\\\/amicimusicafoligno.it\\\/home\\\/#organization\"},\"potentialAction\":[{\"@type\":\"SearchAction\",\"target\":{\"@type\":\"EntryPoint\",\"urlTemplate\":\"https:\\\/\\\/amicimusicafoligno.it\\\/home\\\/?s={search_term_string}\"},\"query-input\":{\"@type\":\"PropertyValueSpecification\",\"valueRequired\":true,\"valueName\":\"search_term_string\"}}],\"inLanguage\":\"it-IT\"},{\"@type\":\"Organization\",\"@id\":\"https:\\\/\\\/amicimusicafoligno.it\\\/home\\\/#organization\",\"name\":\"Amici della Musica Foligno ONLUS\",\"url\":\"https:\\\/\\\/amicimusicafoligno.it\\\/home\\\/\",\"logo\":{\"@type\":\"ImageObject\",\"inLanguage\":\"it-IT\",\"@id\":\"https:\\\/\\\/amicimusicafoligno.it\\\/home\\\/#\\\/schema\\\/logo\\\/image\\\/\",\"url\":\"https:\\\/\\\/amicimusicafoligno.it\\\/home\\\/wp-content\\\/uploads\\\/2017\\\/12\\\/logo-adm.png\",\"contentUrl\":\"https:\\\/\\\/amicimusicafoligno.it\\\/home\\\/wp-content\\\/uploads\\\/2017\\\/12\\\/logo-adm.png\",\"width\":290,\"height\":111,\"caption\":\"Amici della Musica Foligno ONLUS\"},\"image\":{\"@id\":\"https:\\\/\\\/amicimusicafoligno.it\\\/home\\\/#\\\/schema\\\/logo\\\/image\\\/\"},\"sameAs\":[\"https:\\\/\\\/www.facebook.com\\\/AmiciMusicaFoligno\\\/\",\"https:\\\/\\\/www.instagram.com\\\/amicimusicafoligno\\\/\"]},{\"@type\":\"Person\",\"@id\":\"https:\\\/\\\/amicimusicafoligno.it\\\/home\\\/#\\\/schema\\\/person\\\/48e25a17d172fe9574f34c03f81fec27\",\"name\":\"Amici della Musica\",\"url\":\"https:\\\/\\\/amicimusicafoligno.it\\\/home\\\/author\\\/admin2018\\\/\"}]}<\/script>\n<!-- \/ Yoast SEO plugin. -->","yoast_head_json":{"title":"Presentazione della nuova Stagione Concertistica 2024 - Amici della Musica Foligno ETS","description":"I capolavori di Beethoven e Bach tra i grandi protagonisti della 43esima Stagione concertistica degli Amici della Musica di Foligno.","robots":{"index":"index","follow":"follow","max-snippet":"max-snippet:-1","max-image-preview":"max-image-preview:large","max-video-preview":"max-video-preview:-1"},"canonical":"https:\/\/amicimusicafoligno.it\/home\/presentazione-della-nuova-stagione-concertistica-2024\/","og_locale":"it_IT","og_type":"article","og_title":"Presentazione della nuova Stagione Concertistica 2024 - Amici della Musica Foligno ETS","og_description":"I capolavori di Beethoven e Bach tra i grandi protagonisti della 43esima Stagione concertistica degli Amici della Musica di Foligno.","og_url":"https:\/\/amicimusicafoligno.it\/home\/presentazione-della-nuova-stagione-concertistica-2024\/","og_site_name":"Amici della Musica Foligno ETS","article_publisher":"https:\/\/www.facebook.com\/AmiciMusicaFoligno\/","article_published_time":"2024-02-09T11:33:28+00:00","article_modified_time":"2024-02-13T16:47:20+00:00","og_image":[{"width":1200,"height":800,"url":"https:\/\/amicimusicafoligno.it\/home\/wp-content\/uploads\/2024\/02\/conferenza-stampa.jpg","type":"image\/jpeg"}],"author":"Amici della Musica","twitter_card":"summary_large_image","twitter_misc":{"Scritto da":"Amici della Musica","Tempo di lettura stimato":"8 minuti"},"schema":{"@context":"https:\/\/schema.org","@graph":[{"@type":"Article","@id":"https:\/\/amicimusicafoligno.it\/home\/presentazione-della-nuova-stagione-concertistica-2024\/#article","isPartOf":{"@id":"https:\/\/amicimusicafoligno.it\/home\/presentazione-della-nuova-stagione-concertistica-2024\/"},"author":{"name":"Amici della Musica","@id":"https:\/\/amicimusicafoligno.it\/home\/#\/schema\/person\/48e25a17d172fe9574f34c03f81fec27"},"headline":"Presentazione della nuova Stagione Concertistica 2024","datePublished":"2024-02-09T11:33:28+00:00","dateModified":"2024-02-13T16:47:20+00:00","mainEntityOfPage":{"@id":"https:\/\/amicimusicafoligno.it\/home\/presentazione-della-nuova-stagione-concertistica-2024\/"},"wordCount":1416,"publisher":{"@id":"https:\/\/amicimusicafoligno.it\/home\/#organization"},"image":{"@id":"https:\/\/amicimusicafoligno.it\/home\/presentazione-della-nuova-stagione-concertistica-2024\/#primaryimage"},"thumbnailUrl":"https:\/\/amicimusicafoligno.it\/home\/wp-content\/uploads\/2024\/02\/conferenza-stampa.jpg","keywords":["Bach","Beethoven","conferenza stampa","Giorgio Battisti","Marco Scolastra","stagione 2024"],"articleSection":["Notizie"],"inLanguage":"it-IT"},{"@type":"WebPage","@id":"https:\/\/amicimusicafoligno.it\/home\/presentazione-della-nuova-stagione-concertistica-2024\/","url":"https:\/\/amicimusicafoligno.it\/home\/presentazione-della-nuova-stagione-concertistica-2024\/","name":"Presentazione della nuova Stagione Concertistica 2024 - Amici della Musica Foligno ETS","isPartOf":{"@id":"https:\/\/amicimusicafoligno.it\/home\/#website"},"primaryImageOfPage":{"@id":"https:\/\/amicimusicafoligno.it\/home\/presentazione-della-nuova-stagione-concertistica-2024\/#primaryimage"},"image":{"@id":"https:\/\/amicimusicafoligno.it\/home\/presentazione-della-nuova-stagione-concertistica-2024\/#primaryimage"},"thumbnailUrl":"https:\/\/amicimusicafoligno.it\/home\/wp-content\/uploads\/2024\/02\/conferenza-stampa.jpg","datePublished":"2024-02-09T11:33:28+00:00","dateModified":"2024-02-13T16:47:20+00:00","description":"I capolavori di Beethoven e Bach tra i grandi protagonisti della 43esima Stagione concertistica degli Amici della Musica di Foligno.","breadcrumb":{"@id":"https:\/\/amicimusicafoligno.it\/home\/presentazione-della-nuova-stagione-concertistica-2024\/#breadcrumb"},"inLanguage":"it-IT","potentialAction":[{"@type":"ReadAction","target":["https:\/\/amicimusicafoligno.it\/home\/presentazione-della-nuova-stagione-concertistica-2024\/"]}]},{"@type":"ImageObject","inLanguage":"it-IT","@id":"https:\/\/amicimusicafoligno.it\/home\/presentazione-della-nuova-stagione-concertistica-2024\/#primaryimage","url":"https:\/\/amicimusicafoligno.it\/home\/wp-content\/uploads\/2024\/02\/conferenza-stampa.jpg","contentUrl":"https:\/\/amicimusicafoligno.it\/home\/wp-content\/uploads\/2024\/02\/conferenza-stampa.jpg","width":1200,"height":800,"caption":"Conferenza Stampa di presentazione della Stagione Concertistica 2024"},{"@type":"BreadcrumbList","@id":"https:\/\/amicimusicafoligno.it\/home\/presentazione-della-nuova-stagione-concertistica-2024\/#breadcrumb","itemListElement":[{"@type":"ListItem","position":1,"name":"Home","item":"https:\/\/amicimusicafoligno.it\/home\/"},{"@type":"ListItem","position":2,"name":"Presentazione della nuova Stagione Concertistica 2024"}]},{"@type":"WebSite","@id":"https:\/\/amicimusicafoligno.it\/home\/#website","url":"https:\/\/amicimusicafoligno.it\/home\/","name":"Amici della Musica Foligno ONLUS","description":"crediamo nella forza della musica","publisher":{"@id":"https:\/\/amicimusicafoligno.it\/home\/#organization"},"potentialAction":[{"@type":"SearchAction","target":{"@type":"EntryPoint","urlTemplate":"https:\/\/amicimusicafoligno.it\/home\/?s={search_term_string}"},"query-input":{"@type":"PropertyValueSpecification","valueRequired":true,"valueName":"search_term_string"}}],"inLanguage":"it-IT"},{"@type":"Organization","@id":"https:\/\/amicimusicafoligno.it\/home\/#organization","name":"Amici della Musica Foligno ONLUS","url":"https:\/\/amicimusicafoligno.it\/home\/","logo":{"@type":"ImageObject","inLanguage":"it-IT","@id":"https:\/\/amicimusicafoligno.it\/home\/#\/schema\/logo\/image\/","url":"https:\/\/amicimusicafoligno.it\/home\/wp-content\/uploads\/2017\/12\/logo-adm.png","contentUrl":"https:\/\/amicimusicafoligno.it\/home\/wp-content\/uploads\/2017\/12\/logo-adm.png","width":290,"height":111,"caption":"Amici della Musica Foligno ONLUS"},"image":{"@id":"https:\/\/amicimusicafoligno.it\/home\/#\/schema\/logo\/image\/"},"sameAs":["https:\/\/www.facebook.com\/AmiciMusicaFoligno\/","https:\/\/www.instagram.com\/amicimusicafoligno\/"]},{"@type":"Person","@id":"https:\/\/amicimusicafoligno.it\/home\/#\/schema\/person\/48e25a17d172fe9574f34c03f81fec27","name":"Amici della Musica","url":"https:\/\/amicimusicafoligno.it\/home\/author\/admin2018\/"}]}},"_links":{"self":[{"href":"https:\/\/amicimusicafoligno.it\/home\/wp-json\/wp\/v2\/posts\/3809","targetHints":{"allow":["GET"]}}],"collection":[{"href":"https:\/\/amicimusicafoligno.it\/home\/wp-json\/wp\/v2\/posts"}],"about":[{"href":"https:\/\/amicimusicafoligno.it\/home\/wp-json\/wp\/v2\/types\/post"}],"author":[{"embeddable":true,"href":"https:\/\/amicimusicafoligno.it\/home\/wp-json\/wp\/v2\/users\/1"}],"replies":[{"embeddable":true,"href":"https:\/\/amicimusicafoligno.it\/home\/wp-json\/wp\/v2\/comments?post=3809"}],"version-history":[{"count":3,"href":"https:\/\/amicimusicafoligno.it\/home\/wp-json\/wp\/v2\/posts\/3809\/revisions"}],"predecessor-version":[{"id":3817,"href":"https:\/\/amicimusicafoligno.it\/home\/wp-json\/wp\/v2\/posts\/3809\/revisions\/3817"}],"wp:featuredmedia":[{"embeddable":true,"href":"https:\/\/amicimusicafoligno.it\/home\/wp-json\/wp\/v2\/media\/3811"}],"wp:attachment":[{"href":"https:\/\/amicimusicafoligno.it\/home\/wp-json\/wp\/v2\/media?parent=3809"}],"wp:term":[{"taxonomy":"category","embeddable":true,"href":"https:\/\/amicimusicafoligno.it\/home\/wp-json\/wp\/v2\/categories?post=3809"},{"taxonomy":"post_tag","embeddable":true,"href":"https:\/\/amicimusicafoligno.it\/home\/wp-json\/wp\/v2\/tags?post=3809"}],"curies":[{"name":"wp","href":"https:\/\/api.w.org\/{rel}","templated":true}]}}